{"id":2502,"global_id":"richardsmotelentertainment.com\/fr?id=2502","global_id_lineage":["richardsmotelentertainment.com\/fr?id=2502"],"author":"1","status":"publish","date":"2019-01-05 23:14:36","date_utc":"2019-01-05 23:14:36","modified":"2019-01-05 23:15:20","modified_utc":"2019-01-05 23:15:20","url":"https:\/\/richardsmotelentertainment.com\/fr\/event\/laurent-paquin\/","rest_url":"https:\/\/richardsmotelentertainment.com\/fr\/wp-json\/tribe\/events\/v1\/events\/2502","title":"Laurent Paquin","description":"<p style=\"text-align: justify;\">Laurent Paquin lance son premier one-man-show Premi\u00e8re Impression en 2001 et charme le public qu\u00e9b\u00e9cois. En 2006, il pr\u00e9sente son deuxi\u00e8me spectacle solo, Tout est relatif qui remporte un succ\u00e8s retentissant. Ce spectacle est vu par plus de 125 000 personnes et se m\u00e9rite 2 Olivier pour le Spectacle d\u2019humour et Auteur de l\u2019ann\u00e9e.<\/p>\n<p style=\"text-align: justify;\">Au th\u00e9\u00e2tre, il joue dans la pi\u00e8ce L\u2019emmerdeur et la com\u00e9die musicale \u00e0 grand d\u00e9ploiement Chicago pr\u00e9sent\u00e9e \u00e0 Montr\u00e9al et Paris. \u00c0 la t\u00e9l\u00e9vision, il joue dans Histoires de filles pendant les six derni\u00e8res saisons et dans les deux derni\u00e8res saisons de Cam\u00e9ra Caf\u00e9.\u2028 En publicit\u00e9, tout le monde se souviendra de Bertrand le castor, auquel il pr\u00eate sa voix pendant plus de trois ans pour le compte de Bell. \u00c0 la radio, il est un des animateurs les plus populaires de la r\u00e9gion m\u00e9tropolitaine lorsqu\u2019il anime Debout Montr\u00e9al \u00e0 CKOI de 2009 \u00e0 2012. \u00c0 l\u2019\u00e9t\u00e9 2012, il r\u00e9alise son r\u00eave en lan\u00e7ant son premier album musical Laurent Paquin chante Laurent Paquin.<\/p>\n<p style=\"text-align: justify;\">Puis, en mars 2013, Laurent lance son troisi\u00e8me one-man-show, l\u2019Ereure est humaine qui cumule plus de 150 000 billets vendus et 250 repr\u00e9sentations. Nous l\u2019avons vu dans le film Il \u00e9tait une fois Les Boys ainsi qu\u2019aux Bye Bye 2013, 2014 et 2015 dans lesquels il s&#8217;est d\u00e9marqu\u00e9 par son interpr\u00e9tation de Robin Thicke (Blurred lines) et de Denis Coderre.<\/p>\n<p style=\"text-align: justify;\">C\u2019est avec P\u00e9n\u00e9lope McQuade que Laurent co-anime le Gala des Jutra, en mars 2014 et c&#8217;est en 2015 qu&#8217;il anime le 17e Gala les Olivier ainsi que son 12i\u00e8me Gala Juste pour rire, un record pour le nombre d\u2019ann\u00e9es cons\u00e9cutives. On le retrouvera cet \u00e9t\u00e9 encore une fois \u00e0 la barre d\u2019un Gala, cette fois-ci en co-animation, avec Cathy Gauthier.<\/p>","excerpt":"","slug":"laurent-paquin","image":{"url":"https:\/\/richardsmotelentertainment.com\/fr\/wp-content\/uploads\/2019\/01\/Laurent-Paquin-e1546730114610.jpg","id":2503,"extension":"jpg","width":500,"height":667,"sizes":{"thumbnail":{"width":150,"height":150,"mime-type":"image\/jpeg","url":"https:\/\/richardsmotelentertainment.com\/fr\/wp-content\/uploads\/2019\/01\/Laurent-Paquin-150x150.jpg"},"medium":{"width":225,"height":300,"mime-type":"image\/jpeg","url":"https:\/\/richardsmotelentertainment.com\/fr\/wp-content\/uploads\/2019\/01\/Laurent-Paquin-225x300.jpg"},"medium_large":{"width":768,"height":1024,"mime-type":"image\/jpeg","url":"https:\/\/richardsmotelentertainment.com\/fr\/wp-content\/uploads\/2019\/01\/Laurent-Paquin-768x1024.jpg"},"large":{"width":768,"height":1024,"mime-type":"image\/jpeg","url":"https:\/\/richardsmotelentertainment.com\/fr\/wp-content\/uploads\/2019\/01\/Laurent-Paquin-768x1024.jpg"},"post-thumbnail":{"width":600,"height":220,"mime-type":"image\/jpeg","url":"https:\/\/richardsmotelentertainment.com\/fr\/wp-content\/uploads\/2019\/01\/Laurent-Paquin-600x220.jpg"},"foodeez_lite_standard_img":{"width":770,"height":365,"mime-type":"image\/jpeg","url":"https:\/\/richardsmotelentertainment.com\/fr\/wp-content\/uploads\/2019\/01\/Laurent-Paquin-770x365.jpg"}}},"all_day":true,"start_date":"2019-01-15 00:00:00","start_date_details":{"year":"2019","month":"01","day":"15","hour":"00","minutes":"00","seconds":"00"},"end_date":"2019-01-17 23:59:59","end_date_details":{"year":"2019","month":"01","day":"17","hour":"23","minutes":"59","seconds":"59"},"utc_start_date":"2019-01-15 00:00:00","utc_start_date_details":{"year":"2019","month":"01","day":"15","hour":"00","minutes":"00","seconds":"00"},"utc_end_date":"2019-01-17 23:59:59","utc_end_date_details":{"year":"2019","month":"01","day":"17","hour":"23","minutes":"59","seconds":"59"},"timezone":"UTC+0","timezone_abbr":"UTC+0","cost":"","cost_details":{"currency_symbol":"","currency_code":"","currency_position":"prefix","values":[]},"website":"","show_map":true,"show_map_link":true,"hide_from_listings":false,"sticky":false,"featured":false,"categories":[],"tags":[],"venue":[],"organizer":[],"custom_fields":[],"json_ld":{"@context":"http:\/\/schema.org","@type":"Event","name":"Laurent Paquin","description":"&lt;p&gt;Laurent Paquin lance son premier one-man-show Premi\u00e8re Impression en 2001 et charme le public qu\u00e9b\u00e9cois. En 2006, il pr\u00e9sente son deuxi\u00e8me spectacle solo, Tout est relatif qui remporte un succ\u00e8s [&hellip;]&lt;\/p&gt;\\n","image":"https:\/\/richardsmotelentertainment.com\/fr\/wp-content\/uploads\/2019\/01\/Laurent-Paquin-e1546730114610.jpg","url":"https:\/\/richardsmotelentertainment.com\/fr\/event\/laurent-paquin\/","eventAttendanceMode":"https:\/\/schema.org\/OfflineEventAttendanceMode","eventStatus":"https:\/\/schema.org\/EventScheduled","startDate":"2019-01-15T00:00:00+00:00","endDate":"2019-01-17T23:59:59+00:00","location":false,"performer":"Organization"}}